{"id":989395,"date":"2023-02-28T00:10:00","date_gmt":"2023-02-28T03:10:00","guid":{"rendered":"https:\/\/azdesigners.eu\/noomana\/?p=989395"},"modified":"2025-11-21T15:42:17","modified_gmt":"2025-11-21T18:42:17","slug":"como-o-excesso-de-pensamentos-pode-atrapalhar-sua-qualidade-de-sono","status":"publish","type":"post","link":"https:\/\/www.noomana.com.br\/conteudos\/como-o-excesso-de-pensamentos-pode-atrapalhar-sua-qualidade-de-sono\/","title":{"rendered":"Como o excesso de pensamentos pode atrapalhar sua qualidade de sono."},"content":{"rendered":"<div class=\"vgblk-rw-wrapper limit-wrapper\">\n<h6 class=\"wp-block-heading\" id=\"h-atividade-mental-intensa-influencia-muito-na-qualidade-do-seu-sono\">Atividade mental intensa influencia muito na qualidade do seu sono.<\/h6>\n\n\n\n<div style=\"height:50px\" aria-hidden=\"true\" class=\"wp-block-spacer\"><\/div>\n\n\n\n<p>Dormir bem \u00e9 essencial para manter uma boa sa\u00fade f\u00edsica e mental. Entretanto, muitas&nbsp;<strong>pessoas t\u00eam dificuldades para pegar no sono ou dormir profundamente durante a noite<\/strong>. Um dos fatores que pode afetar a qualidade do sono \u00e9 o excesso de pensamentos, vindos de uma atividade mental intensa.<\/p>\n\n\n\n<p>Nesta postagem, vamos explorar como&nbsp;<strong>o excesso de pensamento pode atrapalhar uma pessoa a dormir<\/strong>&nbsp;e quais s\u00e3o as&nbsp;<strong>melhores estrat\u00e9gias para combater esse problema<\/strong>.<\/p>\n\n\n\n<div style=\"height:30px\" aria-hidden=\"true\" class=\"wp-block-spacer\"><\/div>\n\n\n\n<div class=\"wp-block-uagb-icon-list uagb-block-e8d79cf9\"><div class=\"uagb-icon-list__wrap\">\n<div class=\"wp-block-uagb-icon-list-child uagb-block-c952b200\"><span class=\"uagb-icon-list__source-wrap\"><svg xmlns=\"https:\/\/www.w3.org\/2000\/svg\" viewBox=\"0 0 512 512\"><path d=\"M222.7 32.15C227.7 49.08 218.1 66.9 201.1 71.94C121.8 95.55 64 169.1 64 255.1C64 362 149.1 447.1 256 447.1C362 447.1 448 362 448 255.1C448 169.1 390.2 95.55 310.9 71.94C293.9 66.9 284.3 49.08 289.3 32.15C294.4 15.21 312.2 5.562 329.1 10.6C434.9 42.07 512 139.1 512 255.1C512 397.4 397.4 511.1 256 511.1C114.6 511.1 0 397.4 0 255.1C0 139.1 77.15 42.07 182.9 10.6C199.8 5.562 217.6 15.21 222.7 32.15V32.15z\"><\/path><\/svg><\/span><span class=\"uagb-icon-list__label\"><strong>O que \u00e9 o excesso de pensamento?<\/strong><\/span><\/div>\n<\/div><\/div>\n\n\n\n<p>O excesso de pensamento acontece quando a mente fica excessivamente ativa, pensando em uma infinidade de coisas diferentes e ao mesmo tempo. Preocupa\u00e7\u00e3o, ansiedade, planos para o futuro, conversas do dia que passou, tudo isso pode vir \u00e0 tona quando nos deitamos para dormir. E, quando isso acontece, a nossa mente fica agitada e o sono pode se tornar elusivo, pois nossa mente permanece ativa e alerta, o que \u00e9 o oposto do estado de relaxamento necess\u00e1rio para dormir.<\/p>\n\n\n\n<div class=\"wp-block-uagb-icon-list uagb-block-74e8bad9\"><div class=\"uagb-icon-list__wrap\">\n<div class=\"wp-block-uagb-icon-list-child uagb-block-771f46e7\"><span class=\"uagb-icon-list__source-wrap\"><svg xmlns=\"https:\/\/www.w3.org\/2000\/svg\" viewBox=\"0 0 512 512\"><path d=\"M222.7 32.15C227.7 49.08 218.1 66.9 201.1 71.94C121.8 95.55 64 169.1 64 255.1C64 362 149.1 447.1 256 447.1C362 447.1 448 362 448 255.1C448 169.1 390.2 95.55 310.9 71.94C293.9 66.9 284.3 49.08 289.3 32.15C294.4 15.21 312.2 5.562 329.1 10.6C434.9 42.07 512 139.1 512 255.1C512 397.4 397.4 511.1 256 511.1C114.6 511.1 0 397.4 0 255.1C0 139.1 77.15 42.07 182.9 10.6C199.8 5.562 217.6 15.21 222.7 32.15V32.15z\"><\/path><\/svg><\/span><span class=\"uagb-icon-list__label\"><strong>Como o excesso de pensamento pode afetar a qualidade do sono?<\/strong><\/span><\/div>\n<\/div><\/div>\n\n\n\n<p>Quando estamos pensando demais, nossa mente permanece ativa e alerta, o que \u00e9 o oposto do estado de relaxamento necess\u00e1rio para dormir. Al\u00e9m disso, o fato de estarmos preocupados ou ansiosos, faz com que o corpo libere horm\u00f4nios do estresse, como o cortisol, que nos deixa mais alerta, tornando ainda mais dif\u00edcil de adormecer.<\/p>\n\n\n\n<p><br>Outro fator que torna o excesso de pensamento prejudicial para o sono \u00e9 a natureza repetitiva e circular dos pensamentos. Muitas vezes, ficamos presos em um ciclo de pensamentos, reprocessando os mesmos problemas e preocupa\u00e7\u00f5es sem chegar a uma solu\u00e7\u00e3o, experimentando pensamentos negativos que nos mant\u00eam acordados \u00e0 noite, levando a um estado de hiper-vigil\u00e2ncia, no qual a pessoa est\u00e1 sempre alerta e pronta para responder a qualquer amea\u00e7a percebida.<\/p>\n\n\n\n<div style=\"height:30px\" aria-hidden=\"true\" class=\"wp-block-spacer\"><\/div>\n\n\n\n<p>Se voc\u00ea se identifica com as situa\u00e7\u00f5es descritas acima, pode ser que voc\u00ea tenha S\u00edndrome do pensamento acelerado.<br>O termo, proposto pelo psiquiatra&nbsp;<a href=\"https:\/\/augustocuryinstitucional.com.br\/#biografia\" target=\"_blank\" rel=\"noreferrer noopener\">Augusto Cury<\/a>, caracteriza o excesso de pensamentos, uma condi\u00e7\u00e3o cl\u00ednica que apresenta sintomas semelhantes aos das crises de ansiedade e de depress\u00e3o. Ela tamb\u00e9m pode levar \u00e0 ins\u00f4nia<\/p>\n\n\n\n<div class=\"wp-block-uagb-blockquote uagb-block-2f029b9a uagb-blockquote__skin-quotation uagb-blockquote__align-center uagb-blockquote__style-style_1 uagb-blockquote__stack-img-none\"><blockquote class=\"uagb-blockquote\"><span class=\"uagb-blockquote__icon\"><svg width=\"20\" height=\"20\" viewBox=\"0 0 32 32\"><path d=\"M7.031 14c3.866 0 7 3.134 7 7s-3.134 7-7 7-7-3.134-7-7l-0.031-1c0-7.732 6.268-14 14-14v4c-2.671 0-5.182 1.040-7.071 2.929-0.364 0.364-0.695 0.751-0.995 1.157 0.357-0.056 0.724-0.086 1.097-0.086zM25.031 14c3.866 0 7 3.134 7 7s-3.134 7-7 7-7-3.134-7-7l-0.031-1c0-7.732 6.268-14 14-14v4c-2.671 0-5.182 1.040-7.071 2.929-0.364 0.364-0.695 0.751-0.995 1.157 0.358-0.056 0.724-0.086 1.097-0.086z\"><\/path><\/svg><\/span><div class=\"uagb-blockquote__content\">Tenho excesso de pensar.<\/div><footer><div class=\"uagb-blockquote__author-wrap uagb-blockquote__author-at-left\"><\/div><\/footer><\/blockquote><\/div>\n\n\n\n<p>No \u00faltimo epis\u00f3dio da quinta temporada do&nbsp;<a href=\"https:\/\/www.uol.com.br\/vivabem\/noticias\/redacao\/2023\/02\/01\/luciana-vendramini-tem-dificuldade-para-dormir-tenho-excesso-de-pensar.htm\" target=\"_blank\" rel=\"noreferrer noopener\">Conex\u00e3oVivaBem<\/a>, cujo tema foi sono, a atriz Luciana Vendramini afirma que&nbsp;<strong>tem tido dificuldades para dormir devido ao excesso de pensamentos<\/strong>.<\/p>\n\n\n\n<p><br>&#8220;Fui em uma osteopata antropos\u00f3fica porque n\u00e3o estava aguentando de ansiedade e de dores de cabe\u00e7a que duravam tr\u00eas dias. Ele disse que estou com excesso de pensar&#8221;.<\/p>\n\n\n\n<div class=\"wp-block-uagb-image uagb-block-fed86f2b wp-block-uagb-image--layout-default wp-block-uagb-image--effect-static wp-block-uagb-image--align-none\"><figure class=\"wp-block-uagb-image__figure\"><img loading=\"lazy\" decoding=\"async\" srcset=\"https:\/\/www.noomana.com.br\/conteudos\/wp-content\/uploads\/2023\/11\/casal-deitado-homem-lendo-mulher-dormindo.avif ,https:\/\/www.noomana.com.br\/conteudos\/wp-content\/uploads\/2023\/11\/casal-deitado-homem-lendo-mulher-dormindo.avif 780w, https:\/\/www.noomana.com.br\/conteudos\/wp-content\/uploads\/2023\/11\/casal-deitado-homem-lendo-mulher-dormindo.avif 360w\" sizes=\"(max-width: 480px) 150px\" src=\"https:\/\/www.noomana.com.br\/conteudos\/wp-content\/uploads\/2023\/11\/casal-deitado-homem-lendo-mulher-dormindo.avif\" alt=\"\" class=\"uag-image-989401\" width=\"1024\" height=\"498\" title=\"casal-deitado-homem-lendo-mulher-dormindo\" loading=\"lazy\" role=\"img\"\/><\/figure><\/div>\n\n\n\n<p>Com semelhan\u00e7a ao excesso de pensamento, a&nbsp;<a href=\"https:\/\/summitsaude.estadao.com.br\/novos-medicos\/sindrome-do-pensamento-acelerado-o-que-e-e-como-a-tratar\/\" target=\"_blank\" rel=\"noreferrer noopener\">S\u00edndrome do pensamento acelerado<\/a>, \u00e9 uma condi\u00e7\u00e3o cl\u00ednica que apresenta sintomas semelhantes aos das crises de ansiedade e de depress\u00e3o.<\/p>\n\n\n\n<div class=\"wp-block-uagb-icon-list uagb-block-8c1273d9\"><div class=\"uagb-icon-list__wrap\">\n<div class=\"wp-block-uagb-icon-list-child uagb-block-1e113128\"><span class=\"uagb-icon-list__source-wrap\"><svg xmlns=\"https:\/\/www.w3.org\/2000\/svg\" viewBox=\"0 0 512 512\"><path d=\"M222.7 32.15C227.7 49.08 218.1 66.9 201.1 71.94C121.8 95.55 64 169.1 64 255.1C64 362 149.1 447.1 256 447.1C362 447.1 448 362 448 255.1C448 169.1 390.2 95.55 310.9 71.94C293.9 66.9 284.3 49.08 289.3 32.15C294.4 15.21 312.2 5.562 329.1 10.6C434.9 42.07 512 139.1 512 255.1C512 397.4 397.4 511.1 256 511.1C114.6 511.1 0 397.4 0 255.1C0 139.1 77.15 42.07 182.9 10.6C199.8 5.562 217.6 15.21 222.7 32.15V32.15z\"><\/path><\/svg><\/span><span class=\"uagb-icon-list__label\"><strong>O que fazer para combater o excesso de pensamento antes de dormir?<\/strong><\/span><\/div>\n<\/div><\/div>\n\n\n\n<p>\u00c9 importante buscar ajuda profissional se voc\u00ea estiver enfrentando problemas relacionados ao excesso de pensamento, especialmente se isso estiver afetando sua qualidade de vida e seu bem-estar geral. Mas felizmente, existem v\u00e1rias estrat\u00e9gias que voc\u00ea pode usar para lidar com o excesso de pensamento e melhorar a qualidade do seu sono. Abaixo, listamos algumas dicas que podem ser \u00fateis:<\/p>\n\n\n\n<p><strong>1. Praticar medita\u00e7\u00e3o ou t\u00e9cnicas de respira\u00e7\u00e3o profunda antes de dormir:<\/strong><br>A medita\u00e7\u00e3o e as t\u00e9cnicas de respira\u00e7\u00e3o profunda podem ajudar a acalmar a mente e relaxar o corpo. Essas pr\u00e1ticas podem reduzir o n\u00edvel de estresse e ansiedade, que podem ser os respons\u00e1veis pelo excesso de pensamento antes de dormir.<\/p>\n\n\n\n<p><strong>2. Manter um di\u00e1rio:<\/strong><br>Anotar as preocupa\u00e7\u00f5es do dia para que elas possam ser resolvidas no dia seguinte, pode ser uma forma eficaz de lidar com o excesso de pensamento. Escrever os pensamentos antes de dormir pode ser uma forma de \u201caliviar\u201d a mente e permitir que ela relaxe e se prepare para o sono.<\/p>\n\n\n\n<p><strong>3. Estabelecer uma rotina de sono consistente:<\/strong><br>Estabelecer uma rotina de sono consistente, com hor\u00e1rios regulares para dormir e acordar, pode ajudar a preparar a mente e o corpo para uma boa noite de sono. Essa rotina pode incluir atividades relaxantes, como tomar um banho morno ou&nbsp;<a href=\"https:\/\/www.noomana.com.br\/conteudos\/ler-antes-de-dormir\">ler um livro<\/a>, antes de dormir.<\/p>\n\n\n\n<p><strong>4. Evite eletr\u00f4nicos pelo menos 1 hora antes de se deitar:<\/strong><br>A luz emitida pelos dispositivos eletr\u00f4nicos \u00e9 uma das principais causas de problemas de sono. Essa luz \u00e9 rica em ondas de luz azul, que podem interferir na produ\u00e7\u00e3o do horm\u00f4nio do sono, a melatonina. Quando expostos a esse tipo de luz antes de dormir, nosso c\u00e9rebro fica confuso, pensando ainda ser dia, inibindo a produ\u00e7\u00e3o de melatonina. Isso pode levar a problemas de ins\u00f4nia e afetar a qualidade do sono.<\/p>\n\n\n\n<figure class=\"wp-block-image size-full\"><img fetchpriority=\"high\" decoding=\"async\" width=\"1440\" height=\"700\" src=\"https:\/\/azdesigners.eu\/noomana\/wp-content\/uploads\/2023\/11\/mulher-deitada-dormindo-travesseiro.avif\" alt=\"\" class=\"wp-image-989402\"\/><\/figure>\n\n\n\n<p>Adotando as dicas que mencionamos neste post, voc\u00ea pode al\u00e9m de melhorar suas chances de repousar tranquilamente, melhorar sua qualidade de vida como um todo, conhecendo detalhadamente, aqui&nbsp;<a href=\"https:\/\/www.noomana.com.br\/conteudos\/o-que-e-higiene-do-sono\">nesta postagem<\/a>&nbsp;em nosso blog, mais sobre a higiene do sono.<\/p>\n\n\n\n<p>A Noomana se prop\u00f5es a ajudar a cuidar do seu sono investindo em f\u00f3rmulas inteligentes para uma vida mais saud\u00e1vel.<\/p>\n\n\n\n<p>Conhe\u00e7a nossas&nbsp;<a href=\"https:\/\/loja.noomana.com.br\/rotinas\/\">rotinas de sono<\/a>, e para se informar com as melhores dicas e artigos sobre sa\u00fade do sono, autocuidado, bem-estar e formas de viver com mais qualidade, preencha o formul\u00e1rio abaixo e assine a nossa newsletter.<\/p>\n<\/div><!-- .vgblk-rw-wrapper -->","protected":false},"excerpt":{"rendered":"<p>Atividade mental intensa influencia muito na qualidade do seu sono. Dormir bem \u00e9 essencial para manter uma boa sa\u00fade f\u00edsica e mental. Entretanto, muitas&nbsp;pessoas t\u00eam dificuldades para pegar no sono ou dormir profundamente durante a noite. Um dos fatores que pode afetar a qualidade do sono \u00e9 o excesso de pensamentos, vindos de uma atividade&#8230;<\/p>\n","protected":false},"author":7,"featured_media":989404,"comment_status":"open","ping_status":"open","sticky":false,"template":"","format":"standard","meta":{"_uag_custom_page_level_css":"","footnotes":""},"categories":[183],"tags":[],"class_list":["post-989395","post","type-post","status-publish","format-standard","has-post-thumbnail","hentry","category-saude-e-bem-estar"],"yoast_head":"<!-- This site is optimized with the Yoast SEO Premium plugin v22.3 (Yoast SEO v23.5) - https:\/\/yoast.com\/wordpress\/plugins\/seo\/ -->\n<title>Como o excesso de pensamentos pode atrapalhar sua qualidade de sono. - noomana<\/title>\n<meta name=\"robots\" content=\"index, follow, max-snippet:-1, max-image-preview:large, max-video-preview:-1\" \/>\n<link rel=\"canonical\" href=\"https:\/\/www.noomana.com.br\/conteudos\/como-o-excesso-de-pensamentos-pode-atrapalhar-sua-qualidade-de-sono\/\" \/>\n<meta property=\"og:locale\" content=\"pt_BR\" \/>\n<meta property=\"og:type\" content=\"article\" \/>\n<meta property=\"og:title\" content=\"Como o excesso de pensamentos pode atrapalhar sua qualidade de sono.\" \/>\n<meta property=\"og:description\" content=\"Atividade mental intensa influencia muito na qualidade do seu sono. Dormir bem \u00e9 essencial para manter uma boa sa\u00fade f\u00edsica e mental. Entretanto, muitas&nbsp;pessoas t\u00eam dificuldades para pegar no sono ou dormir profundamente durante a noite. Um dos fatores que pode afetar a qualidade do sono \u00e9 o excesso de pensamentos, vindos de uma atividade...\" \/>\n<meta property=\"og:url\" content=\"https:\/\/www.noomana.com.br\/conteudos\/como-o-excesso-de-pensamentos-pode-atrapalhar-sua-qualidade-de-sono\/\" \/>\n<meta property=\"og:site_name\" content=\"noomana\" \/>\n<meta property=\"article:publisher\" content=\"https:\/\/www.instagram.com\/somosnoomana\/\" \/>\n<meta property=\"article:published_time\" content=\"2023-02-28T03:10:00+00:00\" \/>\n<meta property=\"article:modified_time\" content=\"2025-11-21T18:42:17+00:00\" \/>\n<meta name=\"author\" content=\"noomana\" \/>\n<meta name=\"twitter:card\" content=\"summary_large_image\" \/>\n<meta name=\"twitter:label1\" content=\"Escrito por\" \/>\n\t<meta name=\"twitter:data1\" content=\"noomana\" \/>\n\t<meta name=\"twitter:label2\" content=\"Est. tempo de leitura\" \/>\n\t<meta name=\"twitter:data2\" content=\"5 minutos\" \/>\n<script type=\"application\/ld+json\" class=\"yoast-schema-graph\">{\"@context\":\"https:\/\/schema.org\",\"@graph\":[{\"@type\":\"Article\",\"@id\":\"https:\/\/www.noomana.com.br\/conteudos\/como-o-excesso-de-pensamentos-pode-atrapalhar-sua-qualidade-de-sono\/#article\",\"isPartOf\":{\"@id\":\"https:\/\/www.noomana.com.br\/conteudos\/como-o-excesso-de-pensamentos-pode-atrapalhar-sua-qualidade-de-sono\/\"},\"author\":{\"name\":\"noomana\",\"@id\":\"https:\/\/www.noomana.com.br\/conteudos\/#\/schema\/person\/f1c1cb63b1dfd318e1d85fb49c75a874\"},\"headline\":\"Como o excesso de pensamentos pode atrapalhar sua qualidade de sono.\",\"datePublished\":\"2023-02-28T03:10:00+00:00\",\"dateModified\":\"2025-11-21T18:42:17+00:00\",\"mainEntityOfPage\":{\"@id\":\"https:\/\/www.noomana.com.br\/conteudos\/como-o-excesso-de-pensamentos-pode-atrapalhar-sua-qualidade-de-sono\/\"},\"wordCount\":917,\"commentCount\":3,\"publisher\":{\"@id\":\"https:\/\/www.noomana.com.br\/conteudos\/#organization\"},\"image\":{\"@id\":\"https:\/\/www.noomana.com.br\/conteudos\/como-o-excesso-de-pensamentos-pode-atrapalhar-sua-qualidade-de-sono\/#primaryimage\"},\"thumbnailUrl\":\"https:\/\/www.noomana.com.br\/conteudos\/wp-content\/uploads\/2023\/11\/homem-deitado-com-insonia-despertador-ao-lado.avif\",\"articleSection\":[\"Sa\u00fade e Bem-estar\"],\"inLanguage\":\"pt-BR\",\"potentialAction\":[{\"@type\":\"CommentAction\",\"name\":\"Comment\",\"target\":[\"https:\/\/www.noomana.com.br\/conteudos\/como-o-excesso-de-pensamentos-pode-atrapalhar-sua-qualidade-de-sono\/#respond\"]}]},{\"@type\":\"WebPage\",\"@id\":\"https:\/\/www.noomana.com.br\/conteudos\/como-o-excesso-de-pensamentos-pode-atrapalhar-sua-qualidade-de-sono\/\",\"url\":\"https:\/\/www.noomana.com.br\/conteudos\/como-o-excesso-de-pensamentos-pode-atrapalhar-sua-qualidade-de-sono\/\",\"name\":\"Como o excesso de pensamentos pode atrapalhar sua qualidade de sono. - noomana\",\"isPartOf\":{\"@id\":\"https:\/\/www.noomana.com.br\/conteudos\/#website\"},\"primaryImageOfPage\":{\"@id\":\"https:\/\/www.noomana.com.br\/conteudos\/como-o-excesso-de-pensamentos-pode-atrapalhar-sua-qualidade-de-sono\/#primaryimage\"},\"image\":{\"@id\":\"https:\/\/www.noomana.com.br\/conteudos\/como-o-excesso-de-pensamentos-pode-atrapalhar-sua-qualidade-de-sono\/#primaryimage\"},\"thumbnailUrl\":\"https:\/\/www.noomana.com.br\/conteudos\/wp-content\/uploads\/2023\/11\/homem-deitado-com-insonia-despertador-ao-lado.avif\",\"datePublished\":\"2023-02-28T03:10:00+00:00\",\"dateModified\":\"2025-11-21T18:42:17+00:00\",\"breadcrumb\":{\"@id\":\"https:\/\/www.noomana.com.br\/conteudos\/como-o-excesso-de-pensamentos-pode-atrapalhar-sua-qualidade-de-sono\/#breadcrumb\"},\"inLanguage\":\"pt-BR\",\"potentialAction\":[{\"@type\":\"ReadAction\",\"target\":[\"https:\/\/www.noomana.com.br\/conteudos\/como-o-excesso-de-pensamentos-pode-atrapalhar-sua-qualidade-de-sono\/\"]}]},{\"@type\":\"ImageObject\",\"inLanguage\":\"pt-BR\",\"@id\":\"https:\/\/www.noomana.com.br\/conteudos\/como-o-excesso-de-pensamentos-pode-atrapalhar-sua-qualidade-de-sono\/#primaryimage\",\"url\":\"https:\/\/www.noomana.com.br\/conteudos\/wp-content\/uploads\/2023\/11\/homem-deitado-com-insonia-despertador-ao-lado.avif\",\"contentUrl\":\"https:\/\/www.noomana.com.br\/conteudos\/wp-content\/uploads\/2023\/11\/homem-deitado-com-insonia-despertador-ao-lado.avif\",\"width\":1076,\"height\":600},{\"@type\":\"BreadcrumbList\",\"@id\":\"https:\/\/www.noomana.com.br\/conteudos\/como-o-excesso-de-pensamentos-pode-atrapalhar-sua-qualidade-de-sono\/#breadcrumb\",\"itemListElement\":[{\"@type\":\"ListItem\",\"position\":1,\"name\":\"In\u00edcio\",\"item\":\"https:\/\/www.noomana.com.br\/conteudos\/\"},{\"@type\":\"ListItem\",\"position\":2,\"name\":\"Sa\u00fade e Bem-estar\",\"item\":\"https:\/\/www.noomana.com.br\/conteudos\/categorias\/saude-e-bem-estar\/\"},{\"@type\":\"ListItem\",\"position\":3,\"name\":\"Como o excesso de pensamentos pode atrapalhar sua qualidade de sono.\"}]},{\"@type\":\"WebSite\",\"@id\":\"https:\/\/www.noomana.com.br\/conteudos\/#website\",\"url\":\"https:\/\/www.noomana.com.br\/conteudos\/\",\"name\":\"noomana\",\"description\":\"sono de qualidade. vida em em equil\u00edbrio.\",\"publisher\":{\"@id\":\"https:\/\/www.noomana.com.br\/conteudos\/#organization\"},\"potentialAction\":[{\"@type\":\"SearchAction\",\"target\":{\"@type\":\"EntryPoint\",\"urlTemplate\":\"https:\/\/www.noomana.com.br\/conteudos\/?s={search_term_string}\"},\"query-input\":{\"@type\":\"PropertyValueSpecification\",\"valueRequired\":true,\"valueName\":\"search_term_string\"}}],\"inLanguage\":\"pt-BR\"},{\"@type\":\"Organization\",\"@id\":\"https:\/\/www.noomana.com.br\/conteudos\/#organization\",\"name\":\"noomana\",\"url\":\"https:\/\/www.noomana.com.br\/conteudos\/\",\"logo\":{\"@type\":\"ImageObject\",\"inLanguage\":\"pt-BR\",\"@id\":\"https:\/\/www.noomana.com.br\/conteudos\/#\/schema\/logo\/image\/\",\"url\":\"https:\/\/www.noomana.com.br\/conteudos\/wp-content\/uploads\/2021\/06\/noomana-logo-2.png\",\"contentUrl\":\"https:\/\/www.noomana.com.br\/conteudos\/wp-content\/uploads\/2021\/06\/noomana-logo-2.png\",\"width\":568,\"height\":67,\"caption\":\"noomana\"},\"image\":{\"@id\":\"https:\/\/www.noomana.com.br\/conteudos\/#\/schema\/logo\/image\/\"},\"sameAs\":[\"https:\/\/www.instagram.com\/somosnoomana\/\"]},{\"@type\":\"Person\",\"@id\":\"https:\/\/www.noomana.com.br\/conteudos\/#\/schema\/person\/f1c1cb63b1dfd318e1d85fb49c75a874\",\"name\":\"noomana\",\"url\":\"https:\/\/www.noomana.com.br\/conteudos\/author\/noomana-editor\/\"}]}<\/script>\n<!-- \/ Yoast SEO Premium plugin. -->","yoast_head_json":{"title":"Como o excesso de pensamentos pode atrapalhar sua qualidade de sono. - noomana","robots":{"index":"index","follow":"follow","max-snippet":"max-snippet:-1","max-image-preview":"max-image-preview:large","max-video-preview":"max-video-preview:-1"},"canonical":"https:\/\/www.noomana.com.br\/conteudos\/como-o-excesso-de-pensamentos-pode-atrapalhar-sua-qualidade-de-sono\/","og_locale":"pt_BR","og_type":"article","og_title":"Como o excesso de pensamentos pode atrapalhar sua qualidade de sono.","og_description":"Atividade mental intensa influencia muito na qualidade do seu sono. Dormir bem \u00e9 essencial para manter uma boa sa\u00fade f\u00edsica e mental. Entretanto, muitas&nbsp;pessoas t\u00eam dificuldades para pegar no sono ou dormir profundamente durante a noite. Um dos fatores que pode afetar a qualidade do sono \u00e9 o excesso de pensamentos, vindos de uma atividade...","og_url":"https:\/\/www.noomana.com.br\/conteudos\/como-o-excesso-de-pensamentos-pode-atrapalhar-sua-qualidade-de-sono\/","og_site_name":"noomana","article_publisher":"https:\/\/www.instagram.com\/somosnoomana\/","article_published_time":"2023-02-28T03:10:00+00:00","article_modified_time":"2025-11-21T18:42:17+00:00","author":"noomana","twitter_card":"summary_large_image","twitter_misc":{"Escrito por":"noomana","Est. tempo de leitura":"5 minutos"},"schema":{"@context":"https:\/\/schema.org","@graph":[{"@type":"Article","@id":"https:\/\/www.noomana.com.br\/conteudos\/como-o-excesso-de-pensamentos-pode-atrapalhar-sua-qualidade-de-sono\/#article","isPartOf":{"@id":"https:\/\/www.noomana.com.br\/conteudos\/como-o-excesso-de-pensamentos-pode-atrapalhar-sua-qualidade-de-sono\/"},"author":{"name":"noomana","@id":"https:\/\/www.noomana.com.br\/conteudos\/#\/schema\/person\/f1c1cb63b1dfd318e1d85fb49c75a874"},"headline":"Como o excesso de pensamentos pode atrapalhar sua qualidade de sono.","datePublished":"2023-02-28T03:10:00+00:00","dateModified":"2025-11-21T18:42:17+00:00","mainEntityOfPage":{"@id":"https:\/\/www.noomana.com.br\/conteudos\/como-o-excesso-de-pensamentos-pode-atrapalhar-sua-qualidade-de-sono\/"},"wordCount":917,"commentCount":3,"publisher":{"@id":"https:\/\/www.noomana.com.br\/conteudos\/#organization"},"image":{"@id":"https:\/\/www.noomana.com.br\/conteudos\/como-o-excesso-de-pensamentos-pode-atrapalhar-sua-qualidade-de-sono\/#primaryimage"},"thumbnailUrl":"https:\/\/www.noomana.com.br\/conteudos\/wp-content\/uploads\/2023\/11\/homem-deitado-com-insonia-despertador-ao-lado.avif","articleSection":["Sa\u00fade e Bem-estar"],"inLanguage":"pt-BR","potentialAction":[{"@type":"CommentAction","name":"Comment","target":["https:\/\/www.noomana.com.br\/conteudos\/como-o-excesso-de-pensamentos-pode-atrapalhar-sua-qualidade-de-sono\/#respond"]}]},{"@type":"WebPage","@id":"https:\/\/www.noomana.com.br\/conteudos\/como-o-excesso-de-pensamentos-pode-atrapalhar-sua-qualidade-de-sono\/","url":"https:\/\/www.noomana.com.br\/conteudos\/como-o-excesso-de-pensamentos-pode-atrapalhar-sua-qualidade-de-sono\/","name":"Como o excesso de pensamentos pode atrapalhar sua qualidade de sono. - noomana","isPartOf":{"@id":"https:\/\/www.noomana.com.br\/conteudos\/#website"},"primaryImageOfPage":{"@id":"https:\/\/www.noomana.com.br\/conteudos\/como-o-excesso-de-pensamentos-pode-atrapalhar-sua-qualidade-de-sono\/#primaryimage"},"image":{"@id":"https:\/\/www.noomana.com.br\/conteudos\/como-o-excesso-de-pensamentos-pode-atrapalhar-sua-qualidade-de-sono\/#primaryimage"},"thumbnailUrl":"https:\/\/www.noomana.com.br\/conteudos\/wp-content\/uploads\/2023\/11\/homem-deitado-com-insonia-despertador-ao-lado.avif","datePublished":"2023-02-28T03:10:00+00:00","dateModified":"2025-11-21T18:42:17+00:00","breadcrumb":{"@id":"https:\/\/www.noomana.com.br\/conteudos\/como-o-excesso-de-pensamentos-pode-atrapalhar-sua-qualidade-de-sono\/#breadcrumb"},"inLanguage":"pt-BR","potentialAction":[{"@type":"ReadAction","target":["https:\/\/www.noomana.com.br\/conteudos\/como-o-excesso-de-pensamentos-pode-atrapalhar-sua-qualidade-de-sono\/"]}]},{"@type":"ImageObject","inLanguage":"pt-BR","@id":"https:\/\/www.noomana.com.br\/conteudos\/como-o-excesso-de-pensamentos-pode-atrapalhar-sua-qualidade-de-sono\/#primaryimage","url":"https:\/\/www.noomana.com.br\/conteudos\/wp-content\/uploads\/2023\/11\/homem-deitado-com-insonia-despertador-ao-lado.avif","contentUrl":"https:\/\/www.noomana.com.br\/conteudos\/wp-content\/uploads\/2023\/11\/homem-deitado-com-insonia-despertador-ao-lado.avif","width":1076,"height":600},{"@type":"BreadcrumbList","@id":"https:\/\/www.noomana.com.br\/conteudos\/como-o-excesso-de-pensamentos-pode-atrapalhar-sua-qualidade-de-sono\/#breadcrumb","itemListElement":[{"@type":"ListItem","position":1,"name":"In\u00edcio","item":"https:\/\/www.noomana.com.br\/conteudos\/"},{"@type":"ListItem","position":2,"name":"Sa\u00fade e Bem-estar","item":"https:\/\/www.noomana.com.br\/conteudos\/categorias\/saude-e-bem-estar\/"},{"@type":"ListItem","position":3,"name":"Como o excesso de pensamentos pode atrapalhar sua qualidade de sono."}]},{"@type":"WebSite","@id":"https:\/\/www.noomana.com.br\/conteudos\/#website","url":"https:\/\/www.noomana.com.br\/conteudos\/","name":"noomana","description":"sono de qualidade. vida em em equil\u00edbrio.","publisher":{"@id":"https:\/\/www.noomana.com.br\/conteudos\/#organization"},"potentialAction":[{"@type":"SearchAction","target":{"@type":"EntryPoint","urlTemplate":"https:\/\/www.noomana.com.br\/conteudos\/?s={search_term_string}"},"query-input":{"@type":"PropertyValueSpecification","valueRequired":true,"valueName":"search_term_string"}}],"inLanguage":"pt-BR"},{"@type":"Organization","@id":"https:\/\/www.noomana.com.br\/conteudos\/#organization","name":"noomana","url":"https:\/\/www.noomana.com.br\/conteudos\/","logo":{"@type":"ImageObject","inLanguage":"pt-BR","@id":"https:\/\/www.noomana.com.br\/conteudos\/#\/schema\/logo\/image\/","url":"https:\/\/www.noomana.com.br\/conteudos\/wp-content\/uploads\/2021\/06\/noomana-logo-2.png","contentUrl":"https:\/\/www.noomana.com.br\/conteudos\/wp-content\/uploads\/2021\/06\/noomana-logo-2.png","width":568,"height":67,"caption":"noomana"},"image":{"@id":"https:\/\/www.noomana.com.br\/conteudos\/#\/schema\/logo\/image\/"},"sameAs":["https:\/\/www.instagram.com\/somosnoomana\/"]},{"@type":"Person","@id":"https:\/\/www.noomana.com.br\/conteudos\/#\/schema\/person\/f1c1cb63b1dfd318e1d85fb49c75a874","name":"noomana","url":"https:\/\/www.noomana.com.br\/conteudos\/author\/noomana-editor\/"}]}},"uagb_featured_image_src":{"full":["https:\/\/www.noomana.com.br\/conteudos\/wp-content\/uploads\/2023\/11\/homem-deitado-com-insonia-despertador-ao-lado.avif",1076,600,false],"thumbnail":["https:\/\/www.noomana.com.br\/conteudos\/wp-content\/uploads\/2023\/11\/homem-deitado-com-insonia-despertador-ao-lado.avif",150,84,false],"medium":["https:\/\/www.noomana.com.br\/conteudos\/wp-content\/uploads\/2023\/11\/homem-deitado-com-insonia-despertador-ao-lado.avif",300,167,false],"medium_large":["https:\/\/www.noomana.com.br\/conteudos\/wp-content\/uploads\/2023\/11\/homem-deitado-com-insonia-despertador-ao-lado.avif",768,428,false],"large":["https:\/\/www.noomana.com.br\/conteudos\/wp-content\/uploads\/2023\/11\/homem-deitado-com-insonia-despertador-ao-lado.avif",1024,571,false],"1536x1536":["https:\/\/www.noomana.com.br\/conteudos\/wp-content\/uploads\/2023\/11\/homem-deitado-com-insonia-despertador-ao-lado.avif",1076,600,false],"2048x2048":["https:\/\/www.noomana.com.br\/conteudos\/wp-content\/uploads\/2023\/11\/homem-deitado-com-insonia-despertador-ao-lado.avif",1076,600,false]},"uagb_author_info":{"display_name":"noomana","author_link":"https:\/\/www.noomana.com.br\/conteudos\/author\/noomana-editor\/"},"uagb_comment_info":34,"uagb_excerpt":"Atividade mental intensa influencia muito na qualidade do seu sono. Dormir bem \u00e9 essencial para manter uma boa sa\u00fade f\u00edsica e mental. Entretanto, muitas&nbsp;pessoas t\u00eam dificuldades para pegar no sono ou dormir profundamente durante a noite. Um dos fatores que pode afetar a qualidade do sono \u00e9 o excesso de pensamentos, vindos de uma atividade...","_links":{"self":[{"href":"https:\/\/www.noomana.com.br\/conteudos\/wp-json\/wp\/v2\/posts\/989395"}],"collection":[{"href":"https:\/\/www.noomana.com.br\/conteudos\/wp-json\/wp\/v2\/posts"}],"about":[{"href":"https:\/\/www.noomana.com.br\/conteudos\/wp-json\/wp\/v2\/types\/post"}],"author":[{"embeddable":true,"href":"https:\/\/www.noomana.com.br\/conteudos\/wp-json\/wp\/v2\/users\/7"}],"replies":[{"embeddable":true,"href":"https:\/\/www.noomana.com.br\/conteudos\/wp-json\/wp\/v2\/comments?post=989395"}],"version-history":[{"count":3,"href":"https:\/\/www.noomana.com.br\/conteudos\/wp-json\/wp\/v2\/posts\/989395\/revisions"}],"predecessor-version":[{"id":990377,"href":"https:\/\/www.noomana.com.br\/conteudos\/wp-json\/wp\/v2\/posts\/989395\/revisions\/990377"}],"wp:featuredmedia":[{"embeddable":true,"href":"https:\/\/www.noomana.com.br\/conteudos\/wp-json\/wp\/v2\/media\/989404"}],"wp:attachment":[{"href":"https:\/\/www.noomana.com.br\/conteudos\/wp-json\/wp\/v2\/media?parent=989395"}],"wp:term":[{"taxonomy":"category","embeddable":true,"href":"https:\/\/www.noomana.com.br\/conteudos\/wp-json\/wp\/v2\/categories?post=989395"},{"taxonomy":"post_tag","embeddable":true,"href":"https:\/\/www.noomana.com.br\/conteudos\/wp-json\/wp\/v2\/tags?post=989395"}],"curies":[{"name":"wp","href":"https:\/\/api.w.org\/{rel}","templated":true}]}}